{"id":367,"date":"2019-10-21T17:46:56","date_gmt":"2019-10-21T20:46:56","guid":{"rendered":"https:\/\/www.plenussistemas.com.br\/blog\/?p=367"},"modified":"2019-10-21T17:46:56","modified_gmt":"2019-10-21T20:46:56","slug":"lai-lei-de-acesso-a-informacao-o-que-mudou-com-o-decreto-do-mourao","status":"publish","type":"post","link":"https:\/\/www.plenussistemas.com.br\/blog\/lai-lei-de-acesso-a-informacao-o-que-mudou-com-o-decreto-do-mourao\/","title":{"rendered":"LAI (Lei de Acesso \u00e0 Informa\u00e7\u00e3o) \u2013 O que mudou com o decreto do Mour\u00e3o?"},"content":{"rendered":"<p>O decreto assinado pelo vice-presidente Hamilton Mour\u00e3o em janeiro de 2019, mudou as regras para a classifica\u00e7\u00e3o das informa\u00e7\u00f5es\u00a0<strong style=\"font-style: inherit;\">ultrassecretas.<\/strong> A partir da\u00ed, al\u00e9m do presidente, vice-presidente, ministros de Estado, comandantes das For\u00e7as Armadas e chefes de miss\u00f5es diplom\u00e1ticas permanentes no exterior, os\u00a0<strong style=\"font-style: inherit;\">servidores comissionados<\/strong><span style=\"font-style: inherit;\">\u00a0e dirigentes de funda\u00e7\u00f5es, autarquias e empresas p\u00fablicas tamb\u00e9m podem fazer essa classifica\u00e7\u00e3o.<\/span><\/p>\n<p>A primeira constata\u00e7\u00e3o \u00e9 que um n\u00famero maior de pessoas ter\u00e1 o poder de classificar uma informa\u00e7\u00e3o como ultrassecreta. Isso pode aumentar os casos de informa\u00e7\u00f5es classificadas com esse sigilo e est\u00e1 na contram\u00e3o dos princ\u00edpios constitucionais e dos padr\u00f5es internacionais.<\/p>\n<p>Para a organiza\u00e7\u00e3o, a transpar\u00eancia e o acompanhamento da administra\u00e7\u00e3o p\u00fablica pela sociedade s\u00e3o fundamentais para combater a\u00a0corrup\u00e7\u00e3o\u00a0no pa\u00eds. E al\u00e9m disso, destacam que n\u00e3o houve di\u00e1logo com a sociedade para aprova\u00e7\u00e3o dessas mudan\u00e7as.<\/p>\n<p>A coordenadora do programa de Acesso \u00e0 Informa\u00e7\u00e3o da Artigo 19, Joara Marchezini, em entrevista ao\u00a0Nexo, disse ainda, que pode haver interesse pol\u00edtico na classifica\u00e7\u00e3o de sigilo das informa\u00e7\u00f5es, pois os funcion\u00e1rios comissionados n\u00e3o t\u00eam estabilidade no cargo e, n\u00e3o necessariamente tem conhecimento t\u00e9cnico sobre o \u00f3rg\u00e3o \u2013 eles s\u00e3o indicados por cargos de confian\u00e7a.<\/p>\n<p>O procurador da Rep\u00fablica, Helio Telho, em resposta \u00e0s cr\u00edticas feitas pela imprensa sobre o decreto, manifestou-se em sua conta do Twitter. Segundo ele, o documento assinado por Mour\u00e3o \u00e9 melhor que o anterior e concluiu que, na verdade, a medida restringiu o n\u00famero de pessoas com a atribui\u00e7\u00e3o para a classifica\u00e7\u00e3o das informa\u00e7\u00f5es.<\/p>\n<p>Mour\u00e3o, por sua vez, ao ser questionado sobre as consequ\u00eancias da mudan\u00e7a, afirmou que a transpar\u00eancia continua e que a medida foi adotada para diminuir a burocracia para desclassificar documentos sigilosos. A\u00a0Ag\u00eancia Lupa\u00a0classificou essa informa\u00e7\u00e3o como falsa, pois nenhuma altera\u00e7\u00e3o facilita o acesso aos documentos.<\/p>\n","protected":false},"excerpt":{"rendered":"<p>O decreto assinado pelo vice-presidente Hamilton Mour\u00e3o em janeiro de 2019, mudou as regras para a classifica\u00e7\u00e3o das informa\u00e7\u00f5es\u00a0ultrassecretas. A partir da\u00ed, al\u00e9m do presidente, vice-presidente, ministros de Estado, comandantes das For\u00e7as Armadas e chefes de miss\u00f5es diplom\u00e1ticas permanentes no exterior, os\u00a0servidores comissionados\u00a0e dirigentes de funda\u00e7\u00f5es, autarquias e empresas p\u00fablicas tamb\u00e9m podem fazer essa classifica\u00e7\u00e3o&#8230;.<\/p>\n","protected":false},"author":1,"featured_media":369,"comment_status":"closed","ping_status":"open","sticky":false,"template":"","format":"standard","meta":[],"categories":[6,7],"tags":[166,165,80,88],"_links":{"self":[{"href":"https:\/\/www.plenussistemas.com.br\/blog\/wp-json\/wp\/v2\/posts\/367"}],"collection":[{"href":"https:\/\/www.plenussistemas.com.br\/blog\/wp-json\/wp\/v2\/posts"}],"about":[{"href":"https:\/\/www.plenussistemas.com.br\/blog\/wp-json\/wp\/v2\/types\/post"}],"author":[{"embeddable":true,"href":"https:\/\/www.plenussistemas.com.br\/blog\/wp-json\/wp\/v2\/users\/1"}],"replies":[{"embeddable":true,"href":"https:\/\/www.plenussistemas.com.br\/blog\/wp-json\/wp\/v2\/comments?post=367"}],"version-history":[{"count":1,"href":"https:\/\/www.plenussistemas.com.br\/blog\/wp-json\/wp\/v2\/posts\/367\/revisions"}],"predecessor-version":[{"id":368,"href":"https:\/\/www.plenussistemas.com.br\/blog\/wp-json\/wp\/v2\/posts\/367\/revisions\/368"}],"wp:featuredmedia":[{"embeddable":true,"href":"https:\/\/www.plenussistemas.com.br\/blog\/wp-json\/wp\/v2\/media\/369"}],"wp:attachment":[{"href":"https:\/\/www.plenussistemas.com.br\/blog\/wp-json\/wp\/v2\/media?parent=367"}],"wp:term":[{"taxonomy":"category","embeddable":true,"href":"https:\/\/www.plenussistemas.com.br\/blog\/wp-json\/wp\/v2\/categories?post=367"},{"taxonomy":"post_tag","embeddable":true,"href":"https:\/\/www.plenussistemas.com.br\/blog\/wp-json\/wp\/v2\/tags?post=367"}],"curies":[{"name":"wp","href":"https:\/\/api.w.org\/{rel}","templated":true}]}}