{"id":582,"date":"2019-12-18T09:09:42","date_gmt":"2019-12-18T12:09:42","guid":{"rendered":"https:\/\/www.plenussistemas.com.br\/blog\/?p=582"},"modified":"2019-12-18T09:09:44","modified_gmt":"2019-12-18T12:09:44","slug":"o-que-e-o-termo-de-ajuste-e-conduta-tac","status":"publish","type":"post","link":"https:\/\/www.plenussistemas.com.br\/blog\/o-que-e-o-termo-de-ajuste-e-conduta-tac\/","title":{"rendered":"O que \u00e9 o Termo de Ajuste e Conduta (TAC)?"},"content":{"rendered":"\n<p>Nos \u00faltimos anos tornou-se comum falar em TAC entre o\nMinist\u00e9rio P\u00fablico e os \u00f3rg\u00e3os p\u00fablicos.<\/p>\n\n\n\n<p>No \u00e2mbito dos Minist\u00e9rios P\u00fablicos Federal e Estadual, os\nTermos de Ajustamento de Conduta ou TACs s\u00e3o documentos assinados por partes\nque se compromete, perante o procurador da Rep\u00fablica ou o Promotor de Justi\u00e7a,\na cumprirem determinadas condicionantes, de forma a resolver o problema que\nest\u00e3o causando ou a compensar danos e preju\u00edzos j\u00e1 causados.<\/p>\n\n\n\n<p>Em rela\u00e7\u00e3o a Lei da Transpar\u00eancia e de Acesso \u00e0 Informa\u00e7\u00e3o, a\nTAC tem como objetivo garantir que a gest\u00e3o p\u00fablica cumpra os termos exigidos\npelas leis. <\/p>\n\n\n\n<p>Durante o per\u00edodo de 12 meses, duas auditorias s\u00e3o feitas\noficialmente, sendo uma no primeiro semestre e a outra no segundo. Em cada uma\ndelas, s\u00e3o avaliados todos os pontos cobrados pela Lei da Transpar\u00eancia e\nAcesso \u00e0 Informa\u00e7\u00e3o, sendo que a m\u00e9dia da nota da avalia\u00e7\u00e3o, ir\u00e1 par ao ranking\nda transpar\u00eancia. Mesmo fora destas duas avalia\u00e7\u00f5es, tanto o Minist\u00e9rio P\u00fablico\ncomo o Tribunal de Contas, realizam avalia\u00e7\u00f5es constantemente nos sites das\nprefeituras e c\u00e2maras, onde caso as exig\u00eancias constitucionais de publiciza\u00e7\u00e3o\ndas informa\u00e7\u00f5es necess\u00e1rias ao controle da gest\u00e3o dos recursos p\u00fablicos n\u00e3o\nestejam sendo cumpridos, o Minist\u00e9rio P\u00fablico firma com o \u00f3rg\u00e3o avaliado a TAC.\nNesta TAC, ser\u00e3o apontadas as publica\u00e7\u00f5es pendentes e as que est\u00e3o de acordo\ncom as exig\u00eancias, e ser\u00e1 firmado um prazo para que a regulariza\u00e7\u00e3o seja\natendida e respondida ao Minist\u00e9rio P\u00fablico.<\/p>\n\n\n\n<p>O n\u00e3o cumprimento parcial ou integral das obriga\u00e7\u00f5es assumidas, dentro dos prazos estabelecidos, sujeitar\u00e1 o compromiss\u00e1rio ao pagamento de multa di\u00e1ria no valor de R$ 1.000,00 por dia de atraso.<\/p>\n\n\n\n<figure class=\"wp-block-image\"><a href=\"https:\/\/materiais.plenussistemas.com.br\/portyx\" target=\"_blank\" rel=\"noreferrer noopener\"><img decoding=\"async\" loading=\"lazy\" width=\"1024\" height=\"285\" src=\"https:\/\/www.plenussistemas.com.br\/blog\/wp-content\/uploads\/2019\/12\/banner-consultoria-1024x285.jpg\" alt=\"\" class=\"wp-image-585\" srcset=\"https:\/\/www.plenussistemas.com.br\/blog\/wp-content\/uploads\/2019\/12\/banner-consultoria-1024x285.jpg 1024w, https:\/\/www.plenussistemas.com.br\/blog\/wp-content\/uploads\/2019\/12\/banner-consultoria-300x84.jpg 300w, https:\/\/www.plenussistemas.com.br\/blog\/wp-content\/uploads\/2019\/12\/banner-consultoria-768x214.jpg 768w, https:\/\/www.plenussistemas.com.br\/blog\/wp-content\/uploads\/2019\/12\/banner-consultoria-750x209.jpg 750w, https:\/\/www.plenussistemas.com.br\/blog\/wp-content\/uploads\/2019\/12\/banner-consultoria-555x154.jpg 555w, https:\/\/www.plenussistemas.com.br\/blog\/wp-content\/uploads\/2019\/12\/banner-consultoria-360x100.jpg 360w, https:\/\/www.plenussistemas.com.br\/blog\/wp-content\/uploads\/2019\/12\/banner-consultoria.jpg 1200w\" sizes=\"(max-width: 1024px) 100vw, 1024px\" \/><\/a><\/figure>\n","protected":false},"excerpt":{"rendered":"<p>Nos \u00faltimos anos tornou-se comum falar em TAC entre o Minist\u00e9rio P\u00fablico e os \u00f3rg\u00e3os p\u00fablicos. No \u00e2mbito dos Minist\u00e9rios P\u00fablicos Federal e Estadual, os Termos de Ajustamento de Conduta ou TACs s\u00e3o documentos assinados por partes que se compromete, perante o procurador da Rep\u00fablica ou o Promotor de Justi\u00e7a, a cumprirem determinadas condicionantes, de&#8230;<\/p>\n","protected":false},"author":1,"featured_media":583,"comment_status":"closed","ping_status":"open","sticky":false,"template":"","format":"standard","meta":[],"categories":[3,7],"tags":[294,290,292,293,291],"_links":{"self":[{"href":"https:\/\/www.plenussistemas.com.br\/blog\/wp-json\/wp\/v2\/posts\/582"}],"collection":[{"href":"https:\/\/www.plenussistemas.com.br\/blog\/wp-json\/wp\/v2\/posts"}],"about":[{"href":"https:\/\/www.plenussistemas.com.br\/blog\/wp-json\/wp\/v2\/types\/post"}],"author":[{"embeddable":true,"href":"https:\/\/www.plenussistemas.com.br\/blog\/wp-json\/wp\/v2\/users\/1"}],"replies":[{"embeddable":true,"href":"https:\/\/www.plenussistemas.com.br\/blog\/wp-json\/wp\/v2\/comments?post=582"}],"version-history":[{"count":3,"href":"https:\/\/www.plenussistemas.com.br\/blog\/wp-json\/wp\/v2\/posts\/582\/revisions"}],"predecessor-version":[{"id":587,"href":"https:\/\/www.plenussistemas.com.br\/blog\/wp-json\/wp\/v2\/posts\/582\/revisions\/587"}],"wp:featuredmedia":[{"embeddable":true,"href":"https:\/\/www.plenussistemas.com.br\/blog\/wp-json\/wp\/v2\/media\/583"}],"wp:attachment":[{"href":"https:\/\/www.plenussistemas.com.br\/blog\/wp-json\/wp\/v2\/media?parent=582"}],"wp:term":[{"taxonomy":"category","embeddable":true,"href":"https:\/\/www.plenussistemas.com.br\/blog\/wp-json\/wp\/v2\/categories?post=582"},{"taxonomy":"post_tag","embeddable":true,"href":"https:\/\/www.plenussistemas.com.br\/blog\/wp-json\/wp\/v2\/tags?post=582"}],"curies":[{"name":"wp","href":"https:\/\/api.w.org\/{rel}","templated":true}]}}